{"id":921,"date":"2022-02-08T16:07:55","date_gmt":"2022-02-08T16:07:55","guid":{"rendered":"https:\/\/equilibris-vitae.be\/?p=921"},"modified":"2022-06-01T07:57:45","modified_gmt":"2022-06-01T07:57:45","slug":"test-blog","status":"publish","type":"post","link":"https:\/\/equilibris-vitae.be\/?p=921","title":{"rendered":"News"},"content":{"rendered":"\n<figure class=\"wp-block-image alignfull size-large\"><img loading=\"lazy\" decoding=\"async\" width=\"1024\" height=\"416\" src=\"https:\/\/equilibris-vitae.be\/wp-content\/uploads\/2021\/10\/bandeau-jaune-1024x416.jpg\" alt=\"equilibris vitae\" class=\"wp-image-768\" srcset=\"https:\/\/equilibris-vitae.be\/wp-content\/uploads\/2021\/10\/bandeau-jaune-1024x416.jpg 1024w, https:\/\/equilibris-vitae.be\/wp-content\/uploads\/2021\/10\/bandeau-jaune-300x122.jpg 300w, https:\/\/equilibris-vitae.be\/wp-content\/uploads\/2021\/10\/bandeau-jaune-768x312.jpg 768w, https:\/\/equilibris-vitae.be\/wp-content\/uploads\/2021\/10\/bandeau-jaune-1536x624.jpg 1536w, https:\/\/equilibris-vitae.be\/wp-content\/uploads\/2021\/10\/bandeau-jaune-2048x832.jpg 2048w\" sizes=\"auto, (max-width: 1024px) 100vw, 1024px\" \/><\/figure>\n\n\n\n<p class=\"has-text-align-center has-medium-font-size\"><strong><span style=\"color:#005063\" class=\"has-inline-color\">D\u00e9couvrez toutes nos news :<\/span><\/strong><\/p>\n\n\n\n<h2 class=\"wp-block-heading\">NOUVELLE SEANCE AGE METABOLIQUE + CONSEIL : A VENIR TRES BIENT\u00d4T en juin 2022 : Soyez attentifs aux publications \ud83d\ude09<\/h2>\n\n\n\n<hr class=\"wp-block-separator has-alpha-channel-opacity\" \/>\n\n\n\n<p><strong>S\u00e9ance d\u00e9termination de votre \u00e2ge m\u00e9tabolique : 27 Novembre 2021<\/strong><br><br>Quel \u00e2ge a votre corps ? <br>Au vu du succ\u00e8s de la premi\u00e8re \u00e9dition, je vous propose une seconde session.<\/p>\n\n\n\n<figure class=\"wp-block-image size-large is-resized\"><img loading=\"lazy\" decoding=\"async\" src=\"https:\/\/equilibris-vitae.be\/wp-content\/uploads\/2022\/02\/thumbnail_IMG_6484-1024x1024.jpg\" alt=\"equilibris vitae age metabolique\" class=\"wp-image-1063\" width=\"364\" height=\"364\" srcset=\"https:\/\/equilibris-vitae.be\/wp-content\/uploads\/2022\/02\/thumbnail_IMG_6484-1024x1024.jpg 1024w, https:\/\/equilibris-vitae.be\/wp-content\/uploads\/2022\/02\/thumbnail_IMG_6484-300x300.jpg 300w, https:\/\/equilibris-vitae.be\/wp-content\/uploads\/2022\/02\/thumbnail_IMG_6484-150x150.jpg 150w, https:\/\/equilibris-vitae.be\/wp-content\/uploads\/2022\/02\/thumbnail_IMG_6484-768x768.jpg 768w, https:\/\/equilibris-vitae.be\/wp-content\/uploads\/2022\/02\/thumbnail_IMG_6484.jpg 1280w\" sizes=\"auto, (max-width: 364px) 100vw, 364px\" \/><\/figure>\n\n\n\n<hr class=\"wp-block-separator has-css-opacity\" \/>\n\n\n\n<p><strong>S\u00e9ance d\u00e9termination de votre \u00e2ge m\u00e9tabolique : 22 Octobre 2021<\/strong><br><br>Votre \u00e2ge m\u00e9tabolique peut diff\u00e9rent de votre \u00e2ge r\u00e9el.<br>Gr\u00e2ce \u00e0 ma balance \u00e0 imp\u00e9dance Tanita, d\u00e9couvrez-le.<br>De plus, b\u00e9n\u00e9ficiez de conseils nutritionnels et de remise en forme pendant 15 minutes.<\/p>\n\n\n\n<p><em>&nbsp;<\/em><\/p>\n\n\n\n<div class=\"wp-block-columns is-layout-flex wp-container-core-columns-is-layout-9d6595d7 wp-block-columns-is-layout-flex\">\n<div class=\"wp-block-column is-layout-flow wp-block-column-is-layout-flow\" style=\"flex-basis:50%\">\n<figure class=\"wp-block-image size-full is-resized\"><img loading=\"lazy\" decoding=\"async\" src=\"https:\/\/equilibris-vitae.be\/wp-content\/uploads\/2022\/02\/246007809_372957807865038_1978421607110698371_n.jpg\" alt=\"\" class=\"wp-image-1074\" width=\"290\" height=\"379\" srcset=\"https:\/\/equilibris-vitae.be\/wp-content\/uploads\/2022\/02\/246007809_372957807865038_1978421607110698371_n.jpg 490w, https:\/\/equilibris-vitae.be\/wp-content\/uploads\/2022\/02\/246007809_372957807865038_1978421607110698371_n-230x300.jpg 230w\" sizes=\"auto, (max-width: 290px) 100vw, 290px\" \/><\/figure>\n<\/div>\n\n\n\n<div class=\"wp-block-column is-layout-flow wp-block-column-is-layout-flow\" style=\"flex-basis:50%\">\n<figure class=\"wp-block-image size-large is-resized\"><img loading=\"lazy\" decoding=\"async\" src=\"https:\/\/equilibris-vitae.be\/wp-content\/uploads\/2022\/02\/245627431_372957917865027_7621593254638727266_n-768x1024.jpg\" alt=\"\" class=\"wp-image-1075\" width=\"284\" height=\"379\" srcset=\"https:\/\/equilibris-vitae.be\/wp-content\/uploads\/2022\/02\/245627431_372957917865027_7621593254638727266_n-768x1024.jpg 768w, https:\/\/equilibris-vitae.be\/wp-content\/uploads\/2022\/02\/245627431_372957917865027_7621593254638727266_n-225x300.jpg 225w, https:\/\/equilibris-vitae.be\/wp-content\/uploads\/2022\/02\/245627431_372957917865027_7621593254638727266_n-1152x1536.jpg 1152w, https:\/\/equilibris-vitae.be\/wp-content\/uploads\/2022\/02\/245627431_372957917865027_7621593254638727266_n.jpg 1536w\" sizes=\"auto, (max-width: 284px) 100vw, 284px\" \/><\/figure>\n<\/div>\n<\/div>\n\n\n\n<hr class=\"wp-block-separator has-css-opacity\" \/>\n\n\n\n<p class=\"has-black-color has-text-color\"><strong><a href=\"https:\/\/equilibris-vitae.be\/?page_id=236\">Atelier un Nouveau Moi<\/a> :<\/strong> <strong>12 juin 2021<\/strong><\/p>\n\n\n\n<div class=\"wp-block-columns is-layout-flex wp-container-core-columns-is-layout-9d6595d7 wp-block-columns-is-layout-flex\">\n<div class=\"wp-block-column is-layout-flow wp-block-column-is-layout-flow\" style=\"flex-basis:50%\"><div class=\"wp-block-image\">\n<figure class=\"alignleft size-full\"><img loading=\"lazy\" decoding=\"async\" width=\"240\" height=\"320\" src=\"https:\/\/equilibris-vitae.be\/wp-content\/uploads\/2021\/09\/thumbnail_IMG_4316-1-rotated.jpg\" alt=\"equilibris vitae atelier un nouveau nous\" class=\"wp-image-123\" srcset=\"https:\/\/equilibris-vitae.be\/wp-content\/uploads\/2021\/09\/thumbnail_IMG_4316-1-rotated.jpg 240w, https:\/\/equilibris-vitae.be\/wp-content\/uploads\/2021\/09\/thumbnail_IMG_4316-1-225x300.jpg 225w\" sizes=\"auto, (max-width: 240px) 100vw, 240px\" \/><\/figure>\n<\/div><\/div>\n\n\n\n<div class=\"wp-block-column is-layout-flow wp-block-column-is-layout-flow\" style=\"flex-basis:50%\">\n<figure class=\"wp-block-image size-large is-resized\"><img loading=\"lazy\" decoding=\"async\" src=\"https:\/\/equilibris-vitae.be\/wp-content\/uploads\/2022\/02\/178901013_10158508347353402_5402140222340556227_n-1024x857.jpg\" alt=\"\" class=\"wp-image-1076\" width=\"382\" height=\"320\" srcset=\"https:\/\/equilibris-vitae.be\/wp-content\/uploads\/2022\/02\/178901013_10158508347353402_5402140222340556227_n-1024x857.jpg 1024w, https:\/\/equilibris-vitae.be\/wp-content\/uploads\/2022\/02\/178901013_10158508347353402_5402140222340556227_n-300x251.jpg 300w, https:\/\/equilibris-vitae.be\/wp-content\/uploads\/2022\/02\/178901013_10158508347353402_5402140222340556227_n-768x643.jpg 768w, https:\/\/equilibris-vitae.be\/wp-content\/uploads\/2022\/02\/178901013_10158508347353402_5402140222340556227_n.jpg 1092w\" sizes=\"auto, (max-width: 382px) 100vw, 382px\" \/><\/figure>\n<\/div>\n<\/div>\n\n\n\n<h3 class=\"wp-block-heading\" id=\"un-nouveau-moi\">Un nouveau Moi!<\/h3>\n\n\n\n<p>OSEZ-VOS TALENTS, VITALISEZ ET \u00c9QUILIBREZ VOTRE VIE!&nbsp;<\/p>\n\n\n\n<p>Que vous cherchiez \u00e0 aligner vos aspirations \u00e0 un projet qui vous ressemble,&nbsp;\u00e0&nbsp;explorer de nouvelles pistes de carri\u00e8re, \u00e0 reprendre votre corps en main (alimentation et\/ou activit\u00e9 physique)&nbsp;ou m\u00eame \u00e0 ramener de l&rsquo;harmonie dans votre vie.<\/p>\n","protected":false},"excerpt":{"rendered":"<p>D\u00e9couvrez toutes nos news : NOUVELLE SEANCE AGE METABOLIQUE + CONSEIL : A VENIR TRES BIENT\u00d4T en juin 2022 : Soyez attentifs aux publications \ud83d\ude09 S\u00e9ance d\u00e9termination de votre \u00e2ge m\u00e9tabolique : 27 Novembre 2021 Quel \u00e2ge a votre corps ? Au vu du succ\u00e8s de la premi\u00e8re \u00e9dition, je vous propose une seconde session. &hellip;<\/p>\n","protected":false},"author":2,"featured_media":0,"comment_status":"closed","ping_status":"closed","sticky":false,"template":"","format":"standard","meta":{"footnotes":""},"categories":[6],"tags":[],"class_list":["post-921","post","type-post","status-publish","format-standard","hentry","category-news"],"yoast_head":"<!-- This site is optimized with the Yoast SEO plugin v20.10 - https:\/\/yoast.com\/wordpress\/plugins\/seo\/ -->\n<title>News - Equilibris-Vitae<\/title>\n<meta name=\"description\" content=\"Bien \u00eatre , alimentation, nutrition, \u00e9quilibrage alimentaire, accompagnement, s\u00e9r\u00e9nit\u00e9, sportif, activit\u00e9s physiques, reprise en main,\" \/>\n<meta name=\"robots\" content=\"index, follow, max-snippet:-1, max-image-preview:large, max-video-preview:-1\" \/>\n<link rel=\"canonical\" href=\"https:\/\/equilibris-vitae.be\/?p=921\" \/>\n<meta property=\"og:locale\" content=\"fr_FR\" \/>\n<meta property=\"og:type\" content=\"article\" \/>\n<meta property=\"og:title\" content=\"News - Equilibris-Vitae\" \/>\n<meta property=\"og:description\" content=\"Bien \u00eatre , alimentation, nutrition, \u00e9quilibrage alimentaire, accompagnement, s\u00e9r\u00e9nit\u00e9, sportif, activit\u00e9s physiques, reprise en main,\" \/>\n<meta property=\"og:url\" content=\"https:\/\/equilibris-vitae.be\/?p=921\" \/>\n<meta property=\"og:site_name\" content=\"Equilibris-Vitae\" \/>\n<meta property=\"article:published_time\" content=\"2022-02-08T16:07:55+00:00\" \/>\n<meta property=\"article:modified_time\" content=\"2022-06-01T07:57:45+00:00\" \/>\n<meta property=\"og:image\" content=\"https:\/\/equilibris-vitae.be\/wp-content\/uploads\/2021\/10\/bandeau-jaune-1024x416.jpg\" \/>\n<meta name=\"author\" content=\"vincenzo vita\" \/>\n<meta name=\"twitter:card\" content=\"summary_large_image\" \/>\n<meta name=\"twitter:label1\" content=\"\u00c9crit par\" \/>\n\t<meta name=\"twitter:data1\" content=\"vincenzo vita\" \/>\n\t<meta name=\"twitter:label2\" content=\"Dur\u00e9e de lecture estim\u00e9e\" \/>\n\t<meta name=\"twitter:data2\" content=\"2 minutes\" \/>\n<script type=\"application\/ld+json\" class=\"yoast-schema-graph\">{\"@context\":\"https:\/\/schema.org\",\"@graph\":[{\"@type\":\"Article\",\"@id\":\"https:\/\/equilibris-vitae.be\/?p=921#article\",\"isPartOf\":{\"@id\":\"https:\/\/equilibris-vitae.be\/?p=921\"},\"author\":{\"name\":\"vincenzo vita\",\"@id\":\"https:\/\/equilibris-vitae.be\/#\/schema\/person\/fe6fd0cefda9c45e0134e6599776a8f2\"},\"headline\":\"News\",\"datePublished\":\"2022-02-08T16:07:55+00:00\",\"dateModified\":\"2022-06-01T07:57:45+00:00\",\"mainEntityOfPage\":{\"@id\":\"https:\/\/equilibris-vitae.be\/?p=921\"},\"wordCount\":156,\"publisher\":{\"@id\":\"https:\/\/equilibris-vitae.be\/#organization\"},\"articleSection\":[\"news\"],\"inLanguage\":\"fr-FR\"},{\"@type\":\"WebPage\",\"@id\":\"https:\/\/equilibris-vitae.be\/?p=921\",\"url\":\"https:\/\/equilibris-vitae.be\/?p=921\",\"name\":\"News - Equilibris-Vitae\",\"isPartOf\":{\"@id\":\"https:\/\/equilibris-vitae.be\/#website\"},\"datePublished\":\"2022-02-08T16:07:55+00:00\",\"dateModified\":\"2022-06-01T07:57:45+00:00\",\"description\":\"Bien \u00eatre , alimentation, nutrition, \u00e9quilibrage alimentaire, accompagnement, s\u00e9r\u00e9nit\u00e9, sportif, activit\u00e9s physiques, reprise en main,\",\"breadcrumb\":{\"@id\":\"https:\/\/equilibris-vitae.be\/?p=921#breadcrumb\"},\"inLanguage\":\"fr-FR\",\"potentialAction\":[{\"@type\":\"ReadAction\",\"target\":[\"https:\/\/equilibris-vitae.be\/?p=921\"]}]},{\"@type\":\"BreadcrumbList\",\"@id\":\"https:\/\/equilibris-vitae.be\/?p=921#breadcrumb\",\"itemListElement\":[{\"@type\":\"ListItem\",\"position\":1,\"name\":\"Accueil\",\"item\":\"https:\/\/equilibris-vitae.be\/\"},{\"@type\":\"ListItem\",\"position\":2,\"name\":\"News\"}]},{\"@type\":\"WebSite\",\"@id\":\"https:\/\/equilibris-vitae.be\/#website\",\"url\":\"https:\/\/equilibris-vitae.be\/\",\"name\":\"Equilibris-Vitae\",\"description\":\"\",\"publisher\":{\"@id\":\"https:\/\/equilibris-vitae.be\/#organization\"},\"potentialAction\":[{\"@type\":\"SearchAction\",\"target\":{\"@type\":\"EntryPoint\",\"urlTemplate\":\"https:\/\/equilibris-vitae.be\/?s={search_term_string}\"},\"query-input\":\"required name=search_term_string\"}],\"inLanguage\":\"fr-FR\"},{\"@type\":\"Organization\",\"@id\":\"https:\/\/equilibris-vitae.be\/#organization\",\"name\":\"Equilibris-Vitae\",\"url\":\"https:\/\/equilibris-vitae.be\/\",\"logo\":{\"@type\":\"ImageObject\",\"inLanguage\":\"fr-FR\",\"@id\":\"https:\/\/equilibris-vitae.be\/#\/schema\/logo\/image\/\",\"url\":\"https:\/\/equilibris-vitae.be\/wp-content\/uploads\/2021\/09\/cropped-logo-ptt-1.png\",\"contentUrl\":\"https:\/\/equilibris-vitae.be\/wp-content\/uploads\/2021\/09\/cropped-logo-ptt-1.png\",\"width\":200,\"height\":200,\"caption\":\"Equilibris-Vitae\"},\"image\":{\"@id\":\"https:\/\/equilibris-vitae.be\/#\/schema\/logo\/image\/\"}},{\"@type\":\"Person\",\"@id\":\"https:\/\/equilibris-vitae.be\/#\/schema\/person\/fe6fd0cefda9c45e0134e6599776a8f2\",\"name\":\"vincenzo vita\",\"image\":{\"@type\":\"ImageObject\",\"inLanguage\":\"fr-FR\",\"@id\":\"https:\/\/equilibris-vitae.be\/#\/schema\/person\/image\/\",\"url\":\"https:\/\/secure.gravatar.com\/avatar\/f6f2dd43c609e9d5ca7617507321d15e18bb3cac6ee084a05ecbf54377b4d4e7?s=96&d=mm&r=g\",\"contentUrl\":\"https:\/\/secure.gravatar.com\/avatar\/f6f2dd43c609e9d5ca7617507321d15e18bb3cac6ee084a05ecbf54377b4d4e7?s=96&d=mm&r=g\",\"caption\":\"vincenzo vita\"},\"url\":\"https:\/\/equilibris-vitae.be\/?author=2\"}]}<\/script>\n<!-- \/ Yoast SEO plugin. -->","yoast_head_json":{"title":"News - Equilibris-Vitae","description":"Bien \u00eatre , alimentation, nutrition, \u00e9quilibrage alimentaire, accompagnement, s\u00e9r\u00e9nit\u00e9, sportif, activit\u00e9s physiques, reprise en main,","robots":{"index":"index","follow":"follow","max-snippet":"max-snippet:-1","max-image-preview":"max-image-preview:large","max-video-preview":"max-video-preview:-1"},"canonical":"https:\/\/equilibris-vitae.be\/?p=921","og_locale":"fr_FR","og_type":"article","og_title":"News - Equilibris-Vitae","og_description":"Bien \u00eatre , alimentation, nutrition, \u00e9quilibrage alimentaire, accompagnement, s\u00e9r\u00e9nit\u00e9, sportif, activit\u00e9s physiques, reprise en main,","og_url":"https:\/\/equilibris-vitae.be\/?p=921","og_site_name":"Equilibris-Vitae","article_published_time":"2022-02-08T16:07:55+00:00","article_modified_time":"2022-06-01T07:57:45+00:00","og_image":[{"url":"https:\/\/equilibris-vitae.be\/wp-content\/uploads\/2021\/10\/bandeau-jaune-1024x416.jpg"}],"author":"vincenzo vita","twitter_card":"summary_large_image","twitter_misc":{"\u00c9crit par":"vincenzo vita","Dur\u00e9e de lecture estim\u00e9e":"2 minutes"},"schema":{"@context":"https:\/\/schema.org","@graph":[{"@type":"Article","@id":"https:\/\/equilibris-vitae.be\/?p=921#article","isPartOf":{"@id":"https:\/\/equilibris-vitae.be\/?p=921"},"author":{"name":"vincenzo vita","@id":"https:\/\/equilibris-vitae.be\/#\/schema\/person\/fe6fd0cefda9c45e0134e6599776a8f2"},"headline":"News","datePublished":"2022-02-08T16:07:55+00:00","dateModified":"2022-06-01T07:57:45+00:00","mainEntityOfPage":{"@id":"https:\/\/equilibris-vitae.be\/?p=921"},"wordCount":156,"publisher":{"@id":"https:\/\/equilibris-vitae.be\/#organization"},"articleSection":["news"],"inLanguage":"fr-FR"},{"@type":"WebPage","@id":"https:\/\/equilibris-vitae.be\/?p=921","url":"https:\/\/equilibris-vitae.be\/?p=921","name":"News - Equilibris-Vitae","isPartOf":{"@id":"https:\/\/equilibris-vitae.be\/#website"},"datePublished":"2022-02-08T16:07:55+00:00","dateModified":"2022-06-01T07:57:45+00:00","description":"Bien \u00eatre , alimentation, nutrition, \u00e9quilibrage alimentaire, accompagnement, s\u00e9r\u00e9nit\u00e9, sportif, activit\u00e9s physiques, reprise en main,","breadcrumb":{"@id":"https:\/\/equilibris-vitae.be\/?p=921#breadcrumb"},"inLanguage":"fr-FR","potentialAction":[{"@type":"ReadAction","target":["https:\/\/equilibris-vitae.be\/?p=921"]}]},{"@type":"BreadcrumbList","@id":"https:\/\/equilibris-vitae.be\/?p=921#breadcrumb","itemListElement":[{"@type":"ListItem","position":1,"name":"Accueil","item":"https:\/\/equilibris-vitae.be\/"},{"@type":"ListItem","position":2,"name":"News"}]},{"@type":"WebSite","@id":"https:\/\/equilibris-vitae.be\/#website","url":"https:\/\/equilibris-vitae.be\/","name":"Equilibris-Vitae","description":"","publisher":{"@id":"https:\/\/equilibris-vitae.be\/#organization"},"potentialAction":[{"@type":"SearchAction","target":{"@type":"EntryPoint","urlTemplate":"https:\/\/equilibris-vitae.be\/?s={search_term_string}"},"query-input":"required name=search_term_string"}],"inLanguage":"fr-FR"},{"@type":"Organization","@id":"https:\/\/equilibris-vitae.be\/#organization","name":"Equilibris-Vitae","url":"https:\/\/equilibris-vitae.be\/","logo":{"@type":"ImageObject","inLanguage":"fr-FR","@id":"https:\/\/equilibris-vitae.be\/#\/schema\/logo\/image\/","url":"https:\/\/equilibris-vitae.be\/wp-content\/uploads\/2021\/09\/cropped-logo-ptt-1.png","contentUrl":"https:\/\/equilibris-vitae.be\/wp-content\/uploads\/2021\/09\/cropped-logo-ptt-1.png","width":200,"height":200,"caption":"Equilibris-Vitae"},"image":{"@id":"https:\/\/equilibris-vitae.be\/#\/schema\/logo\/image\/"}},{"@type":"Person","@id":"https:\/\/equilibris-vitae.be\/#\/schema\/person\/fe6fd0cefda9c45e0134e6599776a8f2","name":"vincenzo vita","image":{"@type":"ImageObject","inLanguage":"fr-FR","@id":"https:\/\/equilibris-vitae.be\/#\/schema\/person\/image\/","url":"https:\/\/secure.gravatar.com\/avatar\/f6f2dd43c609e9d5ca7617507321d15e18bb3cac6ee084a05ecbf54377b4d4e7?s=96&d=mm&r=g","contentUrl":"https:\/\/secure.gravatar.com\/avatar\/f6f2dd43c609e9d5ca7617507321d15e18bb3cac6ee084a05ecbf54377b4d4e7?s=96&d=mm&r=g","caption":"vincenzo vita"},"url":"https:\/\/equilibris-vitae.be\/?author=2"}]}},"_links":{"self":[{"href":"https:\/\/equilibris-vitae.be\/index.php?rest_route=\/wp\/v2\/posts\/921","targetHints":{"allow":["GET"]}}],"collection":[{"href":"https:\/\/equilibris-vitae.be\/index.php?rest_route=\/wp\/v2\/posts"}],"about":[{"href":"https:\/\/equilibris-vitae.be\/index.php?rest_route=\/wp\/v2\/types\/post"}],"author":[{"embeddable":true,"href":"https:\/\/equilibris-vitae.be\/index.php?rest_route=\/wp\/v2\/users\/2"}],"replies":[{"embeddable":true,"href":"https:\/\/equilibris-vitae.be\/index.php?rest_route=%2Fwp%2Fv2%2Fcomments&post=921"}],"version-history":[{"count":38,"href":"https:\/\/equilibris-vitae.be\/index.php?rest_route=\/wp\/v2\/posts\/921\/revisions"}],"predecessor-version":[{"id":1088,"href":"https:\/\/equilibris-vitae.be\/index.php?rest_route=\/wp\/v2\/posts\/921\/revisions\/1088"}],"wp:attachment":[{"href":"https:\/\/equilibris-vitae.be\/index.php?rest_route=%2Fwp%2Fv2%2Fmedia&parent=921"}],"wp:term":[{"taxonomy":"category","embeddable":true,"href":"https:\/\/equilibris-vitae.be\/index.php?rest_route=%2Fwp%2Fv2%2Fcategories&post=921"},{"taxonomy":"post_tag","embeddable":true,"href":"https:\/\/equilibris-vitae.be\/index.php?rest_route=%2Fwp%2Fv2%2Ftags&post=921"}],"curies":[{"name":"wp","href":"https:\/\/api.w.org\/{rel}","templated":true}]}}